{"id":1744,"date":"2021-02-08T09:17:22","date_gmt":"2021-02-08T08:17:22","guid":{"rendered":"https:\/\/blog.evaluation-entreprise.com\/?p=1744"},"modified":"2026-07-23T14:15:41","modified_gmt":"2026-07-23T12:15:41","slug":"quelle-est-la-valorisation-de-mon-fonds-de-commerce","status":"publish","type":"post","link":"https:\/\/blog.evaluation-entreprise.com\/index.php\/2021\/02\/08\/quelle-est-la-valorisation-de-mon-fonds-de-commerce\/","title":{"rendered":"Quelle est la valorisation de mon fonds de commerce ?"},"content":{"rendered":"\n<figure class=\"wp-block-image size-full\"><img loading=\"lazy\" decoding=\"async\" width=\"1024\" height=\"536\" src=\"https:\/\/blog.evaluation-entreprise.com\/wp-content\/uploads\/2021\/02\/Opticien-1024x536-1.jpg\" alt=\"\" class=\"wp-image-2354\" srcset=\"https:\/\/blog.evaluation-entreprise.com\/wp-content\/uploads\/2021\/02\/Opticien-1024x536-1.jpg 1024w, https:\/\/blog.evaluation-entreprise.com\/wp-content\/uploads\/2021\/02\/Opticien-1024x536-1-300x157.jpg 300w, https:\/\/blog.evaluation-entreprise.com\/wp-content\/uploads\/2021\/02\/Opticien-1024x536-1-768x402.jpg 768w\" sizes=\"auto, (max-width: 709px) 85vw, (max-width: 909px) 67vw, (max-width: 1362px) 62vw, 840px\" \/><figcaption class=\"wp-element-caption\">Quelle est la valeur de mon commerce?<\/figcaption><\/figure>\n\n\n\n<p class=\"wp-block-paragraph\">La valorisation du fonds de commerce peut se baser sur le chiffre d&rsquo;affaires des 3 derni\u00e8res ann\u00e9es. Les experts comptables utilisent cette m\u00e9thodologie. On y applique un coefficient pond\u00e9rateur par type d&rsquo;activit\u00e9. <\/p>\n\n\n\n<h2 class=\"wp-block-heading\">La valorisation financi\u00e8re et comptable sert de base pour fixer le prix de cession <\/h2>\n\n\n\n<p class=\"wp-block-paragraph\">L&rsquo;estimation fournie s&rsquo;ajuste des facteurs qui vont augmenter ou diminuer les prix de vente du commerce.  L&#8217;emplacement est un facteur essentiel, en fonction de la localisation on affinera la valeur de cession.  Il fait partie des crit\u00e8re d&rsquo;exploitation.<\/p>\n\n\n\n<h2 class=\"wp-block-heading\">Quels sont les composants du fonds de commerce?<\/h2>\n\n\n\n<p class=\"wp-block-paragraph\">Les \u00e9l\u00e9ments d&rsquo;actifs qui constituent le FDC sont :<\/p>\n\n\n\n<p class=\"wp-block-paragraph\">La client\u00e8le (fichier) le droit au bail, le mat\u00e9riel, la notori\u00e9t\u00e9 de l&rsquo;enseigne si elle est locale, r\u00e9gionale, nationale, le site internet, les contrats, les machines.<\/p>\n\n\n\n<p class=\"wp-block-paragraph\">Le stock ne fait pas partie du fonds : valorisation \u00e0 part. Il fera quand m\u00eame partie de la valeur de rachat avec un audit propre.<\/p>\n\n\n\n<p class=\"wp-block-paragraph\">La valeur de rachat peut \u00eatre d\u00e9compos\u00e9e de la valeur de chacun des \u00e9l\u00e9ments. <\/p>\n\n\n\n<h2 class=\"wp-block-heading\">Crit\u00e8res de n\u00e9gociation du fonds acheteur vendeur:<\/h2>\n\n\n\n<p class=\"wp-block-paragraph\">Pour vous faire une offre l&rsquo;acheteur va vous demander votre bail et la date d&rsquo;\u00e9ch\u00e9ance. Va-t-il pouvoir le ren\u00e9gocier ? Quelle est la valeur du <a href=\"https:\/\/blog.evaluation-entreprise.com\/index.php\/tag\/bail-commerce\/page\/2\/\">droit au bail<\/a> s&rsquo;il y en a un ? <\/p>\n\n\n\n<p class=\"wp-block-paragraph\">Le repreneur va venir visiter votre local pour v\u00e9rifier l&rsquo;\u00e9tat, la mise en conformit\u00e9, l&rsquo;accessibilit\u00e9, le diagnostic amiante. Va-t-il devoir faire des travaux ? Quel en sera le montant ? <\/p>\n\n\n\n<p class=\"wp-block-paragraph\">Pour l&rsquo;exploitation du commerce, le listing des machines ou outils avec les contrats de maintenance et d&rsquo;entretien est \u00e0 joindre afin de provisionner le montant des r\u00e9parations ou remplacement \u00e0 faire sur l&rsquo;ann\u00e9e \u00e0 venir. <\/p>\n\n\n\n<p class=\"wp-block-paragraph\">Le successeur reprend les contrats de travail avec le fonds. Qui est l&rsquo;homme clef ? Si la <a href=\"https:\/\/www.evaluation-entreprise.com\/vendre-entreprise-retraite.aspx\">vente de l\u2019entreprise est dans le cadre d\u2019un d\u00e9part \u00e0 la retraite du dirigeant<\/a> qui est son successeur ?<\/p>\n\n\n\n<p class=\"wp-block-paragraph\">La valeur des marchandises est un \u00e9l\u00e9ment de n\u00e9gociation dont il faut fixer le montant au plus t\u00f4t. C&rsquo;est souvent un point d&rsquo;accrochage entre c\u00e9dant et repreneur.<\/p>\n\n\n\n<h3 class=\"wp-block-heading\">Obligation d&rsquo;information des parties, des \u00e9volutions 2020 et \u00e0 venir sur 2021<\/h3>\n\n\n\n<p class=\"wp-block-paragraph\">Toute information doit \u00eatre transmise sur l&rsquo;\u00e9volution par exemple de la r\u00e9glementation, l&rsquo;implantation d&rsquo;un concurrent.<\/p>\n\n\n\n<p class=\"wp-block-paragraph\">Il en est de m\u00eame sur l&rsquo;impact de la crise sanitaire de la COVID-19 qui aura une influence sur le prix de cession en fonction du secteur concern\u00e9 et de l&rsquo;effet du confinement, couvre feu.  On pense en  particulier \u00e0 la valorisation d&rsquo;un restaurant.<\/p>\n\n\n\n<h2 class=\"wp-block-heading\">Comment calcule t-on le prix net vendeur ? <\/h2>\n\n\n\n<p class=\"wp-block-paragraph\">Une fois le prix de vente fix\u00e9 entre acqu\u00e9reur et repreneur le prix net de vente est le prix de vente n\u00e9goci\u00e9 moins les frais dont les frais d&rsquo;interm\u00e9diation, acte, main lev\u00e9e et le passif \u00e0 liquider. Le prix de cession est ensuite mis sous s\u00e9questre jusqu&rsquo;\u00e0 5 mois. La dur\u00e9e de mise sous s\u00e9questre descend \u00e0 3 mois d\u00e8s paiement des cr\u00e9anciers.<\/p>\n\n\n\n<h3 class=\"wp-block-heading\">Le constat AVALOR : <\/h3>\n\n\n\n<p class=\"wp-block-paragraph\">Avec la crise sanitaire, la seule valorisation par le CA a ses limites. La tendance tend \u00e0 la valorisation par l&rsquo;exploitation. On combine les 5 m\u00e9thodologies donn\u00e9es par BERCY et son guide. Sur ces 5 m\u00e9thodes deux sont plus particuli\u00e8rement prises en compte. La valorisation par la m\u00e9thode de l&rsquo;EBE (fourchette de prix) et la valorisation par la m\u00e9thode de la CAF (fourchette par le financement, la capacit\u00e9 de l&rsquo;entreprise \u00e0 rembourser sa dette) . Des <a href=\"https:\/\/www.evaluation-entreprise.com\/guide-retraitements.aspx\" target=\"_blank\" rel=\"noreferrer noopener\">retraitements comptables<\/a> s&rsquo; appliquent comme celui du salaire du dirigeant.<br>Nous vous invitons \u00e0 consulter notre page concernant le <a href=\"https:\/\/www.evaluation-entreprise.com\/methode-evaluation.aspx\" data-type=\"link\" data-id=\"https:\/\/www.evaluation-entreprise.com\/methode-evaluation.aspx\">d\u00e9tail des m\u00e9thodes de valorisation d\u2019une entreprise<\/a>. <\/p>\n\n\n\n<p class=\"wp-block-paragraph\">Voir la <a href=\"https:\/\/www.evaluation-commerce.com\/la-methode-avalor.aspx\">M\u00e9thodologie des Experts-Comptables<\/a> pour valoriser le fonds de commerce.<\/p>\n\n\n\n<h3 class=\"wp-block-heading\">Articles similaires :<\/h3>\n\n\n\n<p class=\"wp-block-paragraph\"><a href=\"https:\/\/blog.evaluation-entreprise.com\/index.php\/2020\/08\/19\/combien-vaut-votre-fonds-de-commerce\/\">Combien vaut votre fonds de commerce ?<\/a><\/p>\n\n\n\n<p class=\"wp-block-paragraph\"><a href=\"https:\/\/blog.evaluation-entreprise.com\/index.php\/2021\/11\/08\/situation-de-la-vente-de-fonds-de-commerce\/\">Situation de la vente des fonds de commerce<\/a><\/p>\n\n\n\n<p class=\"wp-block-paragraph\"><a href=\"https:\/\/blog.evaluation-entreprise.com\/index.php\/2019\/08\/23\/formalite-des-cessions-de-fonds-de-commerces\/\">Formalit\u00e9 des cession des fonds de commerce<\/a><\/p>\n\n\n\n<p class=\"wp-block-paragraph\"><a href=\"https:\/\/blog.evaluation-entreprise.com\/index.php\/2021\/11\/15\/depart-a-la-retraite-evolution-avec-le-projet-de-loi-des-finances-2022-plf-2022\/\">D\u00e9part \u00e0 la retraite, \u00e9volution avec le PLF 2022<\/a><\/p>\n","protected":false},"excerpt":{"rendered":"<p>La valorisation du fonds de commerce peut se baser sur le chiffre d&rsquo;affaires des 3 derni\u00e8res ann\u00e9es. Les experts comptables utilisent cette m\u00e9thodologie. On y applique un coefficient pond\u00e9rateur par type d&rsquo;activit\u00e9. La valorisation financi\u00e8re et comptable sert de base pour fixer le prix de cession L&rsquo;estimation fournie s&rsquo;ajuste des facteurs qui vont augmenter ou &hellip; <a href=\"https:\/\/blog.evaluation-entreprise.com\/index.php\/2021\/02\/08\/quelle-est-la-valorisation-de-mon-fonds-de-commerce\/\" class=\"more-link\">Continuer la lecture<span class=\"screen-reader-text\"> de &laquo;&nbsp;Quelle est la valorisation de mon fonds de commerce ?&nbsp;&raquo;<\/span><\/a><\/p>\n","protected":false},"author":1,"featured_media":0,"comment_status":"open","ping_status":"open","sticky":false,"template":"","format":"standard","meta":{"_exactmetrics_skip_tracking":false,"_monsterinsights_skip_tracking":false,"_monsterinsights_sitenote_active":false,"_monsterinsights_sitenote_note":"","_monsterinsights_sitenote_category":0,"footnotes":""},"categories":[34,62],"tags":[64,90,71,61,88],"class_list":["post-1744","post","type-post","status-publish","format-standard","hentry","category-conseil-en-evaluation","category-fonds-de-commerce","tag-bail-commerce","tag-cession-commerce","tag-droit-au-bail","tag-fonds-de-commerce","tag-transmission-commerce"],"yoast_head":"<!-- This site is optimized with the Yoast SEO plugin v28.1 - https:\/\/yoast.com\/product\/yoast-seo-wordpress\/ -->\r\n<title>Quelle est la valorisation de mon fonds de commerce ?<\/title>\r\n<meta name=\"description\" content=\"Quelle est la valeur de mon commerce? La valorisation du fonds de commerce peut se baser sur le chiffre d&#039;affaires des 3 derni\u00e8res ann\u00e9es. Les experts\" \/>\r\n<meta name=\"robots\" content=\"index, follow, max-snippet:-1, max-image-preview:large, max-video-preview:-1\" \/>\r\n<link rel=\"canonical\" href=\"https:\/\/blog.evaluation-entreprise.com\/index.php\/2021\/02\/08\/quelle-est-la-valorisation-de-mon-fonds-de-commerce\/\" \/>\r\n<meta property=\"og:locale\" content=\"fr_FR\" \/>\r\n<meta property=\"og:type\" content=\"article\" \/>\r\n<meta property=\"og:title\" content=\"Quelle est la valorisation de mon fonds de commerce ?\" \/>\r\n<meta property=\"og:description\" content=\"Quelle est la valeur de mon commerce? La valorisation du fonds de commerce peut se baser sur le chiffre d&#039;affaires des 3 derni\u00e8res ann\u00e9es. Les experts\" \/>\r\n<meta property=\"og:url\" content=\"https:\/\/blog.evaluation-entreprise.com\/index.php\/2021\/02\/08\/quelle-est-la-valorisation-de-mon-fonds-de-commerce\/\" \/>\r\n<meta property=\"og:site_name\" content=\"AVALOR Valorisation entreprise et fonds de commerce\" \/>\r\n<meta property=\"article:published_time\" content=\"2021-02-08T08:17:22+00:00\" \/>\r\n<meta property=\"article:modified_time\" content=\"2026-07-23T12:15:41+00:00\" \/>\r\n<meta property=\"og:image\" content=\"https:\/\/blog.evaluation-entreprise.com\/wp-content\/uploads\/2021\/02\/Opticien-1024x536-1.jpg\" \/>\r\n\t<meta property=\"og:image:width\" content=\"1024\" \/>\r\n\t<meta property=\"og:image:height\" content=\"536\" \/>\r\n\t<meta property=\"og:image:type\" content=\"image\/jpeg\" \/>\r\n<meta name=\"author\" content=\"avalor@avalor.fr\" \/>\r\n<meta name=\"twitter:card\" content=\"summary_large_image\" \/>\r\n<meta name=\"twitter:creator\" content=\"@AVALORISATION\" \/>\r\n<meta name=\"twitter:site\" content=\"@AVALORISATION\" \/>\r\n<meta name=\"twitter:label1\" content=\"\u00c9crit par\" \/>\n\t<meta name=\"twitter:data1\" content=\"avalor@avalor.fr\" \/>\n\t<meta name=\"twitter:label2\" content=\"Dur\u00e9e de lecture estim\u00e9e\" \/>\n\t<meta name=\"twitter:data2\" content=\"4 minutes\" \/>\r\n<script type=\"application\/ld+json\" class=\"yoast-schema-graph\">{\"@context\":\"https:\\\/\\\/schema.org\",\"@graph\":[{\"@type\":\"Article\",\"@id\":\"https:\\\/\\\/blog.evaluation-entreprise.com\\\/index.php\\\/2021\\\/02\\\/08\\\/quelle-est-la-valorisation-de-mon-fonds-de-commerce\\\/#article\",\"isPartOf\":{\"@id\":\"https:\\\/\\\/blog.evaluation-entreprise.com\\\/index.php\\\/2021\\\/02\\\/08\\\/quelle-est-la-valorisation-de-mon-fonds-de-commerce\\\/\"},\"author\":{\"name\":\"avalor@avalor.fr\",\"@id\":\"https:\\\/\\\/blog.evaluation-entreprise.com\\\/#\\\/schema\\\/person\\\/f0abc25e0d9ff9312529fe95ae1d0d81\"},\"headline\":\"Quelle est la valorisation de mon fonds de commerce ?\",\"datePublished\":\"2021-02-08T08:17:22+00:00\",\"dateModified\":\"2026-07-23T12:15:41+00:00\",\"mainEntityOfPage\":{\"@id\":\"https:\\\/\\\/blog.evaluation-entreprise.com\\\/index.php\\\/2021\\\/02\\\/08\\\/quelle-est-la-valorisation-de-mon-fonds-de-commerce\\\/\"},\"wordCount\":692,\"commentCount\":1,\"publisher\":{\"@id\":\"https:\\\/\\\/blog.evaluation-entreprise.com\\\/#organization\"},\"image\":{\"@id\":\"https:\\\/\\\/blog.evaluation-entreprise.com\\\/index.php\\\/2021\\\/02\\\/08\\\/quelle-est-la-valorisation-de-mon-fonds-de-commerce\\\/#primaryimage\"},\"thumbnailUrl\":\"https:\\\/\\\/blog.evaluation-entreprise.com\\\/wp-content\\\/uploads\\\/2021\\\/02\\\/Opticien-1024x536-1.jpg\",\"keywords\":[\"#bail commerce\",\"#cession commerce\",\"#droit au bail\",\"#fonds de commerce\",\"#transmission commerce\"],\"articleSection\":[\"CONSEIL EN EVALUATION\",\"fonds de commerce\"],\"inLanguage\":\"fr-FR\",\"potentialAction\":[{\"@type\":\"CommentAction\",\"name\":\"Comment\",\"target\":[\"https:\\\/\\\/blog.evaluation-entreprise.com\\\/index.php\\\/2021\\\/02\\\/08\\\/quelle-est-la-valorisation-de-mon-fonds-de-commerce\\\/#respond\"]}]},{\"@type\":\"WebPage\",\"@id\":\"https:\\\/\\\/blog.evaluation-entreprise.com\\\/index.php\\\/2021\\\/02\\\/08\\\/quelle-est-la-valorisation-de-mon-fonds-de-commerce\\\/\",\"url\":\"https:\\\/\\\/blog.evaluation-entreprise.com\\\/index.php\\\/2021\\\/02\\\/08\\\/quelle-est-la-valorisation-de-mon-fonds-de-commerce\\\/\",\"name\":\"Quelle est la valorisation de mon fonds de commerce ?\",\"isPartOf\":{\"@id\":\"https:\\\/\\\/blog.evaluation-entreprise.com\\\/#website\"},\"primaryImageOfPage\":{\"@id\":\"https:\\\/\\\/blog.evaluation-entreprise.com\\\/index.php\\\/2021\\\/02\\\/08\\\/quelle-est-la-valorisation-de-mon-fonds-de-commerce\\\/#primaryimage\"},\"image\":{\"@id\":\"https:\\\/\\\/blog.evaluation-entreprise.com\\\/index.php\\\/2021\\\/02\\\/08\\\/quelle-est-la-valorisation-de-mon-fonds-de-commerce\\\/#primaryimage\"},\"thumbnailUrl\":\"https:\\\/\\\/blog.evaluation-entreprise.com\\\/wp-content\\\/uploads\\\/2021\\\/02\\\/Opticien-1024x536-1.jpg\",\"datePublished\":\"2021-02-08T08:17:22+00:00\",\"dateModified\":\"2026-07-23T12:15:41+00:00\",\"description\":\"Quelle est la valeur de mon commerce? La valorisation du fonds de commerce peut se baser sur le chiffre d'affaires des 3 derni\u00e8res ann\u00e9es. Les experts\",\"breadcrumb\":{\"@id\":\"https:\\\/\\\/blog.evaluation-entreprise.com\\\/index.php\\\/2021\\\/02\\\/08\\\/quelle-est-la-valorisation-de-mon-fonds-de-commerce\\\/#breadcrumb\"},\"inLanguage\":\"fr-FR\",\"potentialAction\":[{\"@type\":\"ReadAction\",\"target\":[\"https:\\\/\\\/blog.evaluation-entreprise.com\\\/index.php\\\/2021\\\/02\\\/08\\\/quelle-est-la-valorisation-de-mon-fonds-de-commerce\\\/\"]}]},{\"@type\":\"ImageObject\",\"inLanguage\":\"fr-FR\",\"@id\":\"https:\\\/\\\/blog.evaluation-entreprise.com\\\/index.php\\\/2021\\\/02\\\/08\\\/quelle-est-la-valorisation-de-mon-fonds-de-commerce\\\/#primaryimage\",\"url\":\"https:\\\/\\\/blog.evaluation-entreprise.com\\\/wp-content\\\/uploads\\\/2021\\\/02\\\/Opticien-1024x536-1.jpg\",\"contentUrl\":\"https:\\\/\\\/blog.evaluation-entreprise.com\\\/wp-content\\\/uploads\\\/2021\\\/02\\\/Opticien-1024x536-1.jpg\",\"width\":1024,\"height\":536},{\"@type\":\"BreadcrumbList\",\"@id\":\"https:\\\/\\\/blog.evaluation-entreprise.com\\\/index.php\\\/2021\\\/02\\\/08\\\/quelle-est-la-valorisation-de-mon-fonds-de-commerce\\\/#breadcrumb\",\"itemListElement\":[{\"@type\":\"ListItem\",\"position\":1,\"name\":\"Accueil\",\"item\":\"https:\\\/\\\/blog.evaluation-entreprise.com\\\/\"},{\"@type\":\"ListItem\",\"position\":2,\"name\":\"Quelle est la valorisation de mon fonds de commerce ?\"}]},{\"@type\":\"WebSite\",\"@id\":\"https:\\\/\\\/blog.evaluation-entreprise.com\\\/#website\",\"url\":\"https:\\\/\\\/blog.evaluation-entreprise.com\\\/\",\"name\":\"AVALOR Valorisation entreprise et fonds de commerce\",\"description\":\"Logiciel Valorisation &amp; Scoring \",\"publisher\":{\"@id\":\"https:\\\/\\\/blog.evaluation-entreprise.com\\\/#organization\"},\"potentialAction\":[{\"@type\":\"SearchAction\",\"target\":{\"@type\":\"EntryPoint\",\"urlTemplate\":\"https:\\\/\\\/blog.evaluation-entreprise.com\\\/?s={search_term_string}\"},\"query-input\":{\"@type\":\"PropertyValueSpecification\",\"valueRequired\":true,\"valueName\":\"search_term_string\"}}],\"inLanguage\":\"fr-FR\"},{\"@type\":\"Organization\",\"@id\":\"https:\\\/\\\/blog.evaluation-entreprise.com\\\/#organization\",\"name\":\"Avalor\",\"url\":\"https:\\\/\\\/blog.evaluation-entreprise.com\\\/\",\"logo\":{\"@type\":\"ImageObject\",\"inLanguage\":\"fr-FR\",\"@id\":\"https:\\\/\\\/blog.evaluation-entreprise.com\\\/#\\\/schema\\\/logo\\\/image\\\/\",\"url\":\"https:\\\/\\\/blog.evaluation-entreprise.com\\\/wp-content\\\/uploads\\\/2020\\\/04\\\/cropped-favicon-1.jpg\",\"contentUrl\":\"https:\\\/\\\/blog.evaluation-entreprise.com\\\/wp-content\\\/uploads\\\/2020\\\/04\\\/cropped-favicon-1.jpg\",\"width\":512,\"height\":512,\"caption\":\"Avalor\"},\"image\":{\"@id\":\"https:\\\/\\\/blog.evaluation-entreprise.com\\\/#\\\/schema\\\/logo\\\/image\\\/\"},\"sameAs\":[\"https:\\\/\\\/x.com\\\/AVALORISATION\",\"https:\\\/\\\/www.linkedin.com\\\/in\\\/avalor-evaluation-entreprise-14a3a5129\\\/\"]},{\"@type\":\"Person\",\"@id\":\"https:\\\/\\\/blog.evaluation-entreprise.com\\\/#\\\/schema\\\/person\\\/f0abc25e0d9ff9312529fe95ae1d0d81\",\"name\":\"avalor@avalor.fr\",\"sameAs\":[\"https:\\\/\\\/www.evaluation-commerce.com\\\/\"]}]}<\/script>\r\n<!-- \/ Yoast SEO plugin. -->","yoast_head_json":{"title":"Quelle est la valorisation de mon fonds de commerce ?","description":"Quelle est la valeur de mon commerce? La valorisation du fonds de commerce peut se baser sur le chiffre d'affaires des 3 derni\u00e8res ann\u00e9es. Les experts","robots":{"index":"index","follow":"follow","max-snippet":"max-snippet:-1","max-image-preview":"max-image-preview:large","max-video-preview":"max-video-preview:-1"},"canonical":"https:\/\/blog.evaluation-entreprise.com\/index.php\/2021\/02\/08\/quelle-est-la-valorisation-de-mon-fonds-de-commerce\/","og_locale":"fr_FR","og_type":"article","og_title":"Quelle est la valorisation de mon fonds de commerce ?","og_description":"Quelle est la valeur de mon commerce? La valorisation du fonds de commerce peut se baser sur le chiffre d'affaires des 3 derni\u00e8res ann\u00e9es. Les experts","og_url":"https:\/\/blog.evaluation-entreprise.com\/index.php\/2021\/02\/08\/quelle-est-la-valorisation-de-mon-fonds-de-commerce\/","og_site_name":"AVALOR Valorisation entreprise et fonds de commerce","article_published_time":"2021-02-08T08:17:22+00:00","article_modified_time":"2026-07-23T12:15:41+00:00","og_image":[{"width":1024,"height":536,"url":"https:\/\/blog.evaluation-entreprise.com\/wp-content\/uploads\/2021\/02\/Opticien-1024x536-1.jpg","type":"image\/jpeg"}],"author":"avalor@avalor.fr","twitter_card":"summary_large_image","twitter_creator":"@AVALORISATION","twitter_site":"@AVALORISATION","twitter_misc":{"\u00c9crit par":"avalor@avalor.fr","Dur\u00e9e de lecture estim\u00e9e":"4 minutes"},"schema":{"@context":"https:\/\/schema.org","@graph":[{"@type":"Article","@id":"https:\/\/blog.evaluation-entreprise.com\/index.php\/2021\/02\/08\/quelle-est-la-valorisation-de-mon-fonds-de-commerce\/#article","isPartOf":{"@id":"https:\/\/blog.evaluation-entreprise.com\/index.php\/2021\/02\/08\/quelle-est-la-valorisation-de-mon-fonds-de-commerce\/"},"author":{"name":"avalor@avalor.fr","@id":"https:\/\/blog.evaluation-entreprise.com\/#\/schema\/person\/f0abc25e0d9ff9312529fe95ae1d0d81"},"headline":"Quelle est la valorisation de mon fonds de commerce ?","datePublished":"2021-02-08T08:17:22+00:00","dateModified":"2026-07-23T12:15:41+00:00","mainEntityOfPage":{"@id":"https:\/\/blog.evaluation-entreprise.com\/index.php\/2021\/02\/08\/quelle-est-la-valorisation-de-mon-fonds-de-commerce\/"},"wordCount":692,"commentCount":1,"publisher":{"@id":"https:\/\/blog.evaluation-entreprise.com\/#organization"},"image":{"@id":"https:\/\/blog.evaluation-entreprise.com\/index.php\/2021\/02\/08\/quelle-est-la-valorisation-de-mon-fonds-de-commerce\/#primaryimage"},"thumbnailUrl":"https:\/\/blog.evaluation-entreprise.com\/wp-content\/uploads\/2021\/02\/Opticien-1024x536-1.jpg","keywords":["#bail commerce","#cession commerce","#droit au bail","#fonds de commerce","#transmission commerce"],"articleSection":["CONSEIL EN EVALUATION","fonds de commerce"],"inLanguage":"fr-FR","potentialAction":[{"@type":"CommentAction","name":"Comment","target":["https:\/\/blog.evaluation-entreprise.com\/index.php\/2021\/02\/08\/quelle-est-la-valorisation-de-mon-fonds-de-commerce\/#respond"]}]},{"@type":"WebPage","@id":"https:\/\/blog.evaluation-entreprise.com\/index.php\/2021\/02\/08\/quelle-est-la-valorisation-de-mon-fonds-de-commerce\/","url":"https:\/\/blog.evaluation-entreprise.com\/index.php\/2021\/02\/08\/quelle-est-la-valorisation-de-mon-fonds-de-commerce\/","name":"Quelle est la valorisation de mon fonds de commerce ?","isPartOf":{"@id":"https:\/\/blog.evaluation-entreprise.com\/#website"},"primaryImageOfPage":{"@id":"https:\/\/blog.evaluation-entreprise.com\/index.php\/2021\/02\/08\/quelle-est-la-valorisation-de-mon-fonds-de-commerce\/#primaryimage"},"image":{"@id":"https:\/\/blog.evaluation-entreprise.com\/index.php\/2021\/02\/08\/quelle-est-la-valorisation-de-mon-fonds-de-commerce\/#primaryimage"},"thumbnailUrl":"https:\/\/blog.evaluation-entreprise.com\/wp-content\/uploads\/2021\/02\/Opticien-1024x536-1.jpg","datePublished":"2021-02-08T08:17:22+00:00","dateModified":"2026-07-23T12:15:41+00:00","description":"Quelle est la valeur de mon commerce? La valorisation du fonds de commerce peut se baser sur le chiffre d'affaires des 3 derni\u00e8res ann\u00e9es. Les experts","breadcrumb":{"@id":"https:\/\/blog.evaluation-entreprise.com\/index.php\/2021\/02\/08\/quelle-est-la-valorisation-de-mon-fonds-de-commerce\/#breadcrumb"},"inLanguage":"fr-FR","potentialAction":[{"@type":"ReadAction","target":["https:\/\/blog.evaluation-entreprise.com\/index.php\/2021\/02\/08\/quelle-est-la-valorisation-de-mon-fonds-de-commerce\/"]}]},{"@type":"ImageObject","inLanguage":"fr-FR","@id":"https:\/\/blog.evaluation-entreprise.com\/index.php\/2021\/02\/08\/quelle-est-la-valorisation-de-mon-fonds-de-commerce\/#primaryimage","url":"https:\/\/blog.evaluation-entreprise.com\/wp-content\/uploads\/2021\/02\/Opticien-1024x536-1.jpg","contentUrl":"https:\/\/blog.evaluation-entreprise.com\/wp-content\/uploads\/2021\/02\/Opticien-1024x536-1.jpg","width":1024,"height":536},{"@type":"BreadcrumbList","@id":"https:\/\/blog.evaluation-entreprise.com\/index.php\/2021\/02\/08\/quelle-est-la-valorisation-de-mon-fonds-de-commerce\/#breadcrumb","itemListElement":[{"@type":"ListItem","position":1,"name":"Accueil","item":"https:\/\/blog.evaluation-entreprise.com\/"},{"@type":"ListItem","position":2,"name":"Quelle est la valorisation de mon fonds de commerce ?"}]},{"@type":"WebSite","@id":"https:\/\/blog.evaluation-entreprise.com\/#website","url":"https:\/\/blog.evaluation-entreprise.com\/","name":"AVALOR Valorisation entreprise et fonds de commerce","description":"Logiciel Valorisation &amp; Scoring ","publisher":{"@id":"https:\/\/blog.evaluation-entreprise.com\/#organization"},"potentialAction":[{"@type":"SearchAction","target":{"@type":"EntryPoint","urlTemplate":"https:\/\/blog.evaluation-entreprise.com\/?s={search_term_string}"},"query-input":{"@type":"PropertyValueSpecification","valueRequired":true,"valueName":"search_term_string"}}],"inLanguage":"fr-FR"},{"@type":"Organization","@id":"https:\/\/blog.evaluation-entreprise.com\/#organization","name":"Avalor","url":"https:\/\/blog.evaluation-entreprise.com\/","logo":{"@type":"ImageObject","inLanguage":"fr-FR","@id":"https:\/\/blog.evaluation-entreprise.com\/#\/schema\/logo\/image\/","url":"https:\/\/blog.evaluation-entreprise.com\/wp-content\/uploads\/2020\/04\/cropped-favicon-1.jpg","contentUrl":"https:\/\/blog.evaluation-entreprise.com\/wp-content\/uploads\/2020\/04\/cropped-favicon-1.jpg","width":512,"height":512,"caption":"Avalor"},"image":{"@id":"https:\/\/blog.evaluation-entreprise.com\/#\/schema\/logo\/image\/"},"sameAs":["https:\/\/x.com\/AVALORISATION","https:\/\/www.linkedin.com\/in\/avalor-evaluation-entreprise-14a3a5129\/"]},{"@type":"Person","@id":"https:\/\/blog.evaluation-entreprise.com\/#\/schema\/person\/f0abc25e0d9ff9312529fe95ae1d0d81","name":"avalor@avalor.fr","sameAs":["https:\/\/www.evaluation-commerce.com\/"]}]}},"_links":{"self":[{"href":"https:\/\/blog.evaluation-entreprise.com\/index.php\/wp-json\/wp\/v2\/posts\/1744","targetHints":{"allow":["GET"]}}],"collection":[{"href":"https:\/\/blog.evaluation-entreprise.com\/index.php\/wp-json\/wp\/v2\/posts"}],"about":[{"href":"https:\/\/blog.evaluation-entreprise.com\/index.php\/wp-json\/wp\/v2\/types\/post"}],"author":[{"embeddable":true,"href":"https:\/\/blog.evaluation-entreprise.com\/index.php\/wp-json\/wp\/v2\/users\/1"}],"replies":[{"embeddable":true,"href":"https:\/\/blog.evaluation-entreprise.com\/index.php\/wp-json\/wp\/v2\/comments?post=1744"}],"version-history":[{"count":12,"href":"https:\/\/blog.evaluation-entreprise.com\/index.php\/wp-json\/wp\/v2\/posts\/1744\/revisions"}],"predecessor-version":[{"id":4216,"href":"https:\/\/blog.evaluation-entreprise.com\/index.php\/wp-json\/wp\/v2\/posts\/1744\/revisions\/4216"}],"wp:attachment":[{"href":"https:\/\/blog.evaluation-entreprise.com\/index.php\/wp-json\/wp\/v2\/media?parent=1744"}],"wp:term":[{"taxonomy":"category","embeddable":true,"href":"https:\/\/blog.evaluation-entreprise.com\/index.php\/wp-json\/wp\/v2\/categories?post=1744"},{"taxonomy":"post_tag","embeddable":true,"href":"https:\/\/blog.evaluation-entreprise.com\/index.php\/wp-json\/wp\/v2\/tags?post=1744"}],"curies":[{"name":"wp","href":"https:\/\/api.w.org\/{rel}","templated":true}]}}