{"id":1976,"date":"2021-11-08T22:00:47","date_gmt":"2021-11-08T21:00:47","guid":{"rendered":"https:\/\/blog.evaluation-entreprise.com\/?p=1976"},"modified":"2023-06-09T11:08:25","modified_gmt":"2023-06-09T09:08:25","slug":"situation-de-la-vente-de-fonds-de-commerce","status":"publish","type":"post","link":"https:\/\/blog.evaluation-entreprise.com\/index.php\/2021\/11\/08\/situation-de-la-vente-de-fonds-de-commerce\/","title":{"rendered":"Situation de la cession des fonds de commerce"},"content":{"rendered":"\n<figure class=\"wp-block-image size-large is-resized\"><img loading=\"lazy\" decoding=\"async\" src=\"https:\/\/blog.evaluation-entreprise.com\/wp-content\/uploads\/2021\/11\/Capture-fonds-de-commerce-en-2020.png\" alt=\"\" class=\"wp-image-2007\" width=\"487\" height=\"307\" srcset=\"https:\/\/blog.evaluation-entreprise.com\/wp-content\/uploads\/2021\/11\/Capture-fonds-de-commerce-en-2020.png 937w, https:\/\/blog.evaluation-entreprise.com\/wp-content\/uploads\/2021\/11\/Capture-fonds-de-commerce-en-2020-300x190.png 300w, https:\/\/blog.evaluation-entreprise.com\/wp-content\/uploads\/2021\/11\/Capture-fonds-de-commerce-en-2020-768x485.png 768w\" sizes=\"auto, (max-width: 487px) 85vw, 487px\" \/><figcaption>Situation cession fonds de commerce 2020<\/figcaption><\/figure>\n\n\n\n<p class=\"wp-block-paragraph\">La crise sanitaire a impact\u00e9 en g\u00e9n\u00e9ral l\u2019\u00e9conomie et particuli\u00e8rement le secteur de la cession des fonds de commerce et des entreprises TPE\/PME. Le secteur de la vente d&rsquo;entreprise enregistre une tendance \u00e0 la baisse.<\/p>\n\n\n\n<p class=\"wp-block-paragraph\">En 2020, on observe une baisse des transactions (5320) de 10,5% et une augmentation du prix moyen 198&nbsp;000 euros en 2020. Contrairement \u00e0 185&nbsp;000 euros en 2018\/2019.<\/p>\n\n\n\n<p class=\"wp-block-paragraph\">Avant toute cession d&rsquo;entreprise, il faut passer par la premi\u00e8re \u00e9tape qui est indispensable, la valorisation d&rsquo;entreprise ou fonds de commerce. Une \u00e9tape indispensable pour bien connaitre le prix de son entreprise ou fonds de commerce.<\/p>\n\n\n\n<div class=\"wp-block-buttons is-content-justification-center is-layout-flex wp-container-core-buttons-is-layout-fe48e5de wp-block-buttons-is-layout-flex\">\n<div class=\"wp-block-button\"><a class=\"wp-block-button__link has-text-color has-background\" href=\"https:\/\/www.evaluation-entreprise.com\/premiere-evaluation-entreprise-offerte.aspx\" style=\"background-color:#44467a;color:#ffffff\">Evaluation entreprise<\/a><\/div>\n<\/div>\n\n\n\n<h3 class=\"wp-block-heading\"><strong>Les secteurs o\u00f9 les \u00e9changes de fonds de commerce sont les plus nombreux en 2020&nbsp;:<\/strong><\/h3>\n\n\n\n<figure class=\"wp-block-table\"><table><tbody><tr><td><strong>Secteur<\/strong><\/td><td><strong>Nombre<\/strong><\/td><\/tr><tr><td>Restauration traditionnelle<\/td><td>4353<\/td><\/tr><tr><td>Restauration rapide<\/td><td>2476<\/td><\/tr><tr><td>D\u00e9bit de boisson<\/td><td>2350<\/td><\/tr><tr><td>Boulangerie-p\u00e2tisserie<\/td><td>1525<\/td><\/tr><tr><td>Coiffure<\/td><td>1116<\/td><\/tr><\/tbody><\/table><\/figure>\n\n\n\n<h3 class=\"wp-block-heading\"><strong>Les secteurs o\u00f9 les transactions sont les plus \u00e9lev\u00e9s en 2020&nbsp;:<\/strong><\/h3>\n\n\n\n<figure class=\"wp-block-table\"><table><tbody><tr><td><strong>Secteurs<\/strong><\/td><td><strong>Prix de la transaction<\/strong> (en euros)<\/td><\/tr><tr><td>Pharmacie<\/td><td>1&nbsp;076&nbsp;406 <\/td><\/tr><tr><td>H\u00f4tellerie<\/td><td>339&nbsp;503 <\/td><\/tr><tr><td>D\u00e9bit de tabac<\/td><td>268780 <\/td><\/tr><tr><td>Optique<\/td><td>225&nbsp;914 <\/td><\/tr><tr><td>Concession automobile<\/td><td>224&nbsp;741 <\/td><\/tr><\/tbody><\/table><\/figure>\n\n\n\n<h3 class=\"wp-block-heading\">Les r\u00e9gions o\u00f9 les prix moyens de la cession sont les plus \u00e9lev\u00e9s au 1<sup>er<\/sup> trimestre 2021&nbsp;:<\/h3>\n\n\n\n<figure class=\"wp-block-table\"><table><tbody><tr><td><strong>R\u00e9gion<\/strong><\/td><td><strong>Prix moyen<\/strong> (en euros)<\/td><\/tr><tr><td>Pays de la Loire<\/td><td>227 819<\/td><\/tr><tr><td>Ile de France<\/td><td>226 705<\/td><\/tr><tr><td>Corse<\/td><td>223 952<\/td><\/tr><tr><td>Bretagne<\/td><td>214 563<\/td><\/tr><tr><td>Provence Alpes C\u00f4te d\u2019Azur<\/td><td>206 968<\/td><\/tr><\/tbody><\/table><\/figure>\n\n\n\n<div class=\"wp-block-button aligncenter\"><a class=\"wp-block-button__link has-text-color has-background\" href=\"https:\/\/www.commissaire-apports.com\/extra\/dutreil.aspx\" style=\"border-radius:30px;background-color:#004aad;color:#ffffff\" target=\"_blank\" rel=\"noreferrer noopener\">Simulateur Pacte Dutreil<\/a><\/div>\n\n\n\n<h3 class=\"wp-block-heading\">Age des c\u00e9dants et repreneurs<\/h3>\n\n\n\n<p class=\"wp-block-paragraph\">Aujourd\u2019hui, l\u2019\u00e2ge moyen des vendeurs est de 53 ans, ce qui est plus par rapport aux ann\u00e9es ant\u00e9rieures o\u00f9 ils avaient la cinquantaine. Contrairement \u00e0 l\u2019acheteur qui lui, a un \u00e2ge compris entre 42-43 ans.<\/p>\n\n\n\n<p class=\"wp-block-paragraph\">Cet \u00e9cart peut s\u2019expliquer du fait que les vendeurs se pr\u00e9parent pour leur <a rel=\"noreferrer noopener\" href=\"https:\/\/bofip.impots.gouv.fr\/bofip\/6628-PGP.html\/identifiant%3DBOI-BIC-PVMV-40-20-20-20-20190320\" target=\"_blank\">d\u00e9part \u00e0 la retraite<\/a> tandis que la plupart des acheteurs abandonnent des postes dans des entreprises pour diriger leur propre affaire et par la suite \u00e0 leur tour, ils se pr\u00e9parent pour la retraite.<\/p>\n\n\n\n<p class=\"wp-block-paragraph\"><strong>&gt;&gt;A lire aussi:<\/strong> <a href=\"https:\/\/blog.evaluation-entreprise.com\/index.php\/2020\/10\/09\/transmission-dune-pm-tpe-les-conditions-pour-la-reussir\/\" target=\"_blank\" rel=\"noreferrer noopener\">Transmission d&rsquo;une PM\/TPE: les conditions pour r\u00e9ussir<\/a>  et <a href=\"https:\/\/blog.evaluation-entreprise.com\/index.php\/2021\/07\/31\/les-etapes-de-la-transmission-dentreprise-ou-de-commerce\/\" target=\"_blank\" rel=\"noreferrer noopener\">Les-\u00e9tapes de la transmission d&rsquo;entreprise ou de commerce\/<\/a><\/p>\n\n\n\n<p class=\"wp-block-paragraph\"><strong>Source :<\/strong> <a href=\"https:\/\/www.altares.com\/fr\/\" target=\"_blank\" rel=\"noreferrer noopener\">Altares<\/a><\/p>\n\n\n\n<p class=\"wp-block-paragraph\">Salamata DIALLO<\/p>\n","protected":false},"excerpt":{"rendered":"<p>La crise sanitaire a impact\u00e9 en g\u00e9n\u00e9ral l\u2019\u00e9conomie et particuli\u00e8rement le secteur de la cession des fonds de commerce et des entreprises TPE\/PME. Le secteur de la vente d&rsquo;entreprise enregistre une tendance \u00e0 la baisse. En 2020, on observe une baisse des transactions (5320) de 10,5% et une augmentation du prix moyen 198&nbsp;000 euros en &hellip; <a href=\"https:\/\/blog.evaluation-entreprise.com\/index.php\/2021\/11\/08\/situation-de-la-vente-de-fonds-de-commerce\/\" class=\"more-link\">Continuer la lecture<span class=\"screen-reader-text\"> de &laquo;&nbsp;Situation de la cession des fonds de commerce&nbsp;&raquo;<\/span><\/a><\/p>\n","protected":false},"author":1,"featured_media":0,"comment_status":"open","ping_status":"open","sticky":false,"template":"","format":"standard","meta":{"_exactmetrics_skip_tracking":false,"_monsterinsights_skip_tracking":false,"_monsterinsights_sitenote_active":false,"_monsterinsights_sitenote_note":"","_monsterinsights_sitenote_category":0,"footnotes":""},"categories":[24,81,62],"tags":[90,71,61],"class_list":["post-1976","post","type-post","status-publish","format-standard","hentry","category-actu","category-actualite-transmission-des-commmerces","category-fonds-de-commerce","tag-cession-commerce","tag-droit-au-bail","tag-fonds-de-commerce"],"yoast_head":"<!-- This site is optimized with the Yoast SEO plugin v28.1 - https:\/\/yoast.com\/product\/yoast-seo-wordpress\/ -->\r\n<title>Situation de la cession des fonds de commerce<\/title>\r\n<meta name=\"description\" content=\"Situation de la cession des fonds de commerce en 2020, augmentation du prix et baisse des transactions sur le march\u00e9\" \/>\r\n<meta name=\"robots\" content=\"index, follow, max-snippet:-1, max-image-preview:large, max-video-preview:-1\" \/>\r\n<link rel=\"canonical\" href=\"https:\/\/blog.evaluation-entreprise.com\/index.php\/2021\/11\/08\/situation-de-la-vente-de-fonds-de-commerce\/\" \/>\r\n<meta property=\"og:locale\" content=\"fr_FR\" \/>\r\n<meta property=\"og:type\" content=\"article\" \/>\r\n<meta property=\"og:title\" content=\"Situation de la cession des fonds de commerce\" \/>\r\n<meta property=\"og:description\" content=\"Situation de la cession des fonds de commerce en 2020, augmentation du prix et baisse des transactions sur le march\u00e9\" \/>\r\n<meta property=\"og:url\" content=\"https:\/\/blog.evaluation-entreprise.com\/index.php\/2021\/11\/08\/situation-de-la-vente-de-fonds-de-commerce\/\" \/>\r\n<meta property=\"og:site_name\" content=\"AVALOR Valorisation entreprise et fonds de commerce\" \/>\r\n<meta property=\"article:published_time\" content=\"2021-11-08T21:00:47+00:00\" \/>\r\n<meta property=\"article:modified_time\" content=\"2023-06-09T09:08:25+00:00\" \/>\r\n<meta property=\"og:image\" content=\"https:\/\/blog.evaluation-entreprise.com\/wp-content\/uploads\/2021\/11\/Capture-fonds-de-commerce-en-2020.png\" \/>\r\n<meta name=\"author\" content=\"avalor@avalor.fr\" \/>\r\n<meta name=\"twitter:card\" content=\"summary_large_image\" \/>\r\n<meta name=\"twitter:creator\" content=\"@AVALORISATION\" \/>\r\n<meta name=\"twitter:site\" content=\"@AVALORISATION\" \/>\r\n<meta name=\"twitter:label1\" content=\"\u00c9crit par\" \/>\n\t<meta name=\"twitter:data1\" content=\"avalor@avalor.fr\" \/>\n\t<meta name=\"twitter:label2\" content=\"Dur\u00e9e de lecture estim\u00e9e\" \/>\n\t<meta name=\"twitter:data2\" content=\"2 minutes\" \/>\r\n<script type=\"application\/ld+json\" class=\"yoast-schema-graph\">{\"@context\":\"https:\\\/\\\/schema.org\",\"@graph\":[{\"@type\":\"Article\",\"@id\":\"https:\\\/\\\/blog.evaluation-entreprise.com\\\/index.php\\\/2021\\\/11\\\/08\\\/situation-de-la-vente-de-fonds-de-commerce\\\/#article\",\"isPartOf\":{\"@id\":\"https:\\\/\\\/blog.evaluation-entreprise.com\\\/index.php\\\/2021\\\/11\\\/08\\\/situation-de-la-vente-de-fonds-de-commerce\\\/\"},\"author\":{\"name\":\"avalor@avalor.fr\",\"@id\":\"https:\\\/\\\/blog.evaluation-entreprise.com\\\/#\\\/schema\\\/person\\\/f0abc25e0d9ff9312529fe95ae1d0d81\"},\"headline\":\"Situation de la cession des fonds de commerce\",\"datePublished\":\"2021-11-08T21:00:47+00:00\",\"dateModified\":\"2023-06-09T09:08:25+00:00\",\"mainEntityOfPage\":{\"@id\":\"https:\\\/\\\/blog.evaluation-entreprise.com\\\/index.php\\\/2021\\\/11\\\/08\\\/situation-de-la-vente-de-fonds-de-commerce\\\/\"},\"wordCount\":338,\"commentCount\":0,\"publisher\":{\"@id\":\"https:\\\/\\\/blog.evaluation-entreprise.com\\\/#organization\"},\"image\":{\"@id\":\"https:\\\/\\\/blog.evaluation-entreprise.com\\\/index.php\\\/2021\\\/11\\\/08\\\/situation-de-la-vente-de-fonds-de-commerce\\\/#primaryimage\"},\"thumbnailUrl\":\"https:\\\/\\\/blog.evaluation-entreprise.com\\\/wp-content\\\/uploads\\\/2021\\\/11\\\/Capture-fonds-de-commerce-en-2020.png\",\"keywords\":[\"#cession commerce\",\"#droit au bail\",\"#fonds de commerce\"],\"articleSection\":[\"ACTUALITE DE LA TRANSMISSION D'ENTREPRISE\",\"ACTUALITE TRANSMISSION DES COMMMERCES\",\"fonds de commerce\"],\"inLanguage\":\"fr-FR\",\"potentialAction\":[{\"@type\":\"CommentAction\",\"name\":\"Comment\",\"target\":[\"https:\\\/\\\/blog.evaluation-entreprise.com\\\/index.php\\\/2021\\\/11\\\/08\\\/situation-de-la-vente-de-fonds-de-commerce\\\/#respond\"]}]},{\"@type\":\"WebPage\",\"@id\":\"https:\\\/\\\/blog.evaluation-entreprise.com\\\/index.php\\\/2021\\\/11\\\/08\\\/situation-de-la-vente-de-fonds-de-commerce\\\/\",\"url\":\"https:\\\/\\\/blog.evaluation-entreprise.com\\\/index.php\\\/2021\\\/11\\\/08\\\/situation-de-la-vente-de-fonds-de-commerce\\\/\",\"name\":\"Situation de la cession des fonds de commerce\",\"isPartOf\":{\"@id\":\"https:\\\/\\\/blog.evaluation-entreprise.com\\\/#website\"},\"primaryImageOfPage\":{\"@id\":\"https:\\\/\\\/blog.evaluation-entreprise.com\\\/index.php\\\/2021\\\/11\\\/08\\\/situation-de-la-vente-de-fonds-de-commerce\\\/#primaryimage\"},\"image\":{\"@id\":\"https:\\\/\\\/blog.evaluation-entreprise.com\\\/index.php\\\/2021\\\/11\\\/08\\\/situation-de-la-vente-de-fonds-de-commerce\\\/#primaryimage\"},\"thumbnailUrl\":\"https:\\\/\\\/blog.evaluation-entreprise.com\\\/wp-content\\\/uploads\\\/2021\\\/11\\\/Capture-fonds-de-commerce-en-2020.png\",\"datePublished\":\"2021-11-08T21:00:47+00:00\",\"dateModified\":\"2023-06-09T09:08:25+00:00\",\"description\":\"Situation de la cession des fonds de commerce en 2020, augmentation du prix et baisse des transactions sur le march\u00e9\",\"breadcrumb\":{\"@id\":\"https:\\\/\\\/blog.evaluation-entreprise.com\\\/index.php\\\/2021\\\/11\\\/08\\\/situation-de-la-vente-de-fonds-de-commerce\\\/#breadcrumb\"},\"inLanguage\":\"fr-FR\",\"potentialAction\":[{\"@type\":\"ReadAction\",\"target\":[\"https:\\\/\\\/blog.evaluation-entreprise.com\\\/index.php\\\/2021\\\/11\\\/08\\\/situation-de-la-vente-de-fonds-de-commerce\\\/\"]}]},{\"@type\":\"ImageObject\",\"inLanguage\":\"fr-FR\",\"@id\":\"https:\\\/\\\/blog.evaluation-entreprise.com\\\/index.php\\\/2021\\\/11\\\/08\\\/situation-de-la-vente-de-fonds-de-commerce\\\/#primaryimage\",\"url\":\"https:\\\/\\\/blog.evaluation-entreprise.com\\\/wp-content\\\/uploads\\\/2021\\\/11\\\/Capture-fonds-de-commerce-en-2020.png\",\"contentUrl\":\"https:\\\/\\\/blog.evaluation-entreprise.com\\\/wp-content\\\/uploads\\\/2021\\\/11\\\/Capture-fonds-de-commerce-en-2020.png\",\"width\":937,\"height\":592},{\"@type\":\"BreadcrumbList\",\"@id\":\"https:\\\/\\\/blog.evaluation-entreprise.com\\\/index.php\\\/2021\\\/11\\\/08\\\/situation-de-la-vente-de-fonds-de-commerce\\\/#breadcrumb\",\"itemListElement\":[{\"@type\":\"ListItem\",\"position\":1,\"name\":\"Accueil\",\"item\":\"https:\\\/\\\/blog.evaluation-entreprise.com\\\/\"},{\"@type\":\"ListItem\",\"position\":2,\"name\":\"Situation de la cession des fonds de commerce\"}]},{\"@type\":\"WebSite\",\"@id\":\"https:\\\/\\\/blog.evaluation-entreprise.com\\\/#website\",\"url\":\"https:\\\/\\\/blog.evaluation-entreprise.com\\\/\",\"name\":\"AVALOR Valorisation entreprise et fonds de commerce\",\"description\":\"Logiciel Valorisation &amp; Scoring \",\"publisher\":{\"@id\":\"https:\\\/\\\/blog.evaluation-entreprise.com\\\/#organization\"},\"potentialAction\":[{\"@type\":\"SearchAction\",\"target\":{\"@type\":\"EntryPoint\",\"urlTemplate\":\"https:\\\/\\\/blog.evaluation-entreprise.com\\\/?s={search_term_string}\"},\"query-input\":{\"@type\":\"PropertyValueSpecification\",\"valueRequired\":true,\"valueName\":\"search_term_string\"}}],\"inLanguage\":\"fr-FR\"},{\"@type\":\"Organization\",\"@id\":\"https:\\\/\\\/blog.evaluation-entreprise.com\\\/#organization\",\"name\":\"Avalor\",\"url\":\"https:\\\/\\\/blog.evaluation-entreprise.com\\\/\",\"logo\":{\"@type\":\"ImageObject\",\"inLanguage\":\"fr-FR\",\"@id\":\"https:\\\/\\\/blog.evaluation-entreprise.com\\\/#\\\/schema\\\/logo\\\/image\\\/\",\"url\":\"https:\\\/\\\/blog.evaluation-entreprise.com\\\/wp-content\\\/uploads\\\/2020\\\/04\\\/cropped-favicon-1.jpg\",\"contentUrl\":\"https:\\\/\\\/blog.evaluation-entreprise.com\\\/wp-content\\\/uploads\\\/2020\\\/04\\\/cropped-favicon-1.jpg\",\"width\":512,\"height\":512,\"caption\":\"Avalor\"},\"image\":{\"@id\":\"https:\\\/\\\/blog.evaluation-entreprise.com\\\/#\\\/schema\\\/logo\\\/image\\\/\"},\"sameAs\":[\"https:\\\/\\\/x.com\\\/AVALORISATION\",\"https:\\\/\\\/www.linkedin.com\\\/in\\\/avalor-evaluation-entreprise-14a3a5129\\\/\"]},{\"@type\":\"Person\",\"@id\":\"https:\\\/\\\/blog.evaluation-entreprise.com\\\/#\\\/schema\\\/person\\\/f0abc25e0d9ff9312529fe95ae1d0d81\",\"name\":\"avalor@avalor.fr\",\"sameAs\":[\"https:\\\/\\\/www.evaluation-commerce.com\\\/\"]}]}<\/script>\r\n<!-- \/ Yoast SEO plugin. -->","yoast_head_json":{"title":"Situation de la cession des fonds de commerce","description":"Situation de la cession des fonds de commerce en 2020, augmentation du prix et baisse des transactions sur le march\u00e9","robots":{"index":"index","follow":"follow","max-snippet":"max-snippet:-1","max-image-preview":"max-image-preview:large","max-video-preview":"max-video-preview:-1"},"canonical":"https:\/\/blog.evaluation-entreprise.com\/index.php\/2021\/11\/08\/situation-de-la-vente-de-fonds-de-commerce\/","og_locale":"fr_FR","og_type":"article","og_title":"Situation de la cession des fonds de commerce","og_description":"Situation de la cession des fonds de commerce en 2020, augmentation du prix et baisse des transactions sur le march\u00e9","og_url":"https:\/\/blog.evaluation-entreprise.com\/index.php\/2021\/11\/08\/situation-de-la-vente-de-fonds-de-commerce\/","og_site_name":"AVALOR Valorisation entreprise et fonds de commerce","article_published_time":"2021-11-08T21:00:47+00:00","article_modified_time":"2023-06-09T09:08:25+00:00","og_image":[{"url":"https:\/\/blog.evaluation-entreprise.com\/wp-content\/uploads\/2021\/11\/Capture-fonds-de-commerce-en-2020.png","type":"","width":"","height":""}],"author":"avalor@avalor.fr","twitter_card":"summary_large_image","twitter_creator":"@AVALORISATION","twitter_site":"@AVALORISATION","twitter_misc":{"\u00c9crit par":"avalor@avalor.fr","Dur\u00e9e de lecture estim\u00e9e":"2 minutes"},"schema":{"@context":"https:\/\/schema.org","@graph":[{"@type":"Article","@id":"https:\/\/blog.evaluation-entreprise.com\/index.php\/2021\/11\/08\/situation-de-la-vente-de-fonds-de-commerce\/#article","isPartOf":{"@id":"https:\/\/blog.evaluation-entreprise.com\/index.php\/2021\/11\/08\/situation-de-la-vente-de-fonds-de-commerce\/"},"author":{"name":"avalor@avalor.fr","@id":"https:\/\/blog.evaluation-entreprise.com\/#\/schema\/person\/f0abc25e0d9ff9312529fe95ae1d0d81"},"headline":"Situation de la cession des fonds de commerce","datePublished":"2021-11-08T21:00:47+00:00","dateModified":"2023-06-09T09:08:25+00:00","mainEntityOfPage":{"@id":"https:\/\/blog.evaluation-entreprise.com\/index.php\/2021\/11\/08\/situation-de-la-vente-de-fonds-de-commerce\/"},"wordCount":338,"commentCount":0,"publisher":{"@id":"https:\/\/blog.evaluation-entreprise.com\/#organization"},"image":{"@id":"https:\/\/blog.evaluation-entreprise.com\/index.php\/2021\/11\/08\/situation-de-la-vente-de-fonds-de-commerce\/#primaryimage"},"thumbnailUrl":"https:\/\/blog.evaluation-entreprise.com\/wp-content\/uploads\/2021\/11\/Capture-fonds-de-commerce-en-2020.png","keywords":["#cession commerce","#droit au bail","#fonds de commerce"],"articleSection":["ACTUALITE DE LA TRANSMISSION D'ENTREPRISE","ACTUALITE TRANSMISSION DES COMMMERCES","fonds de commerce"],"inLanguage":"fr-FR","potentialAction":[{"@type":"CommentAction","name":"Comment","target":["https:\/\/blog.evaluation-entreprise.com\/index.php\/2021\/11\/08\/situation-de-la-vente-de-fonds-de-commerce\/#respond"]}]},{"@type":"WebPage","@id":"https:\/\/blog.evaluation-entreprise.com\/index.php\/2021\/11\/08\/situation-de-la-vente-de-fonds-de-commerce\/","url":"https:\/\/blog.evaluation-entreprise.com\/index.php\/2021\/11\/08\/situation-de-la-vente-de-fonds-de-commerce\/","name":"Situation de la cession des fonds de commerce","isPartOf":{"@id":"https:\/\/blog.evaluation-entreprise.com\/#website"},"primaryImageOfPage":{"@id":"https:\/\/blog.evaluation-entreprise.com\/index.php\/2021\/11\/08\/situation-de-la-vente-de-fonds-de-commerce\/#primaryimage"},"image":{"@id":"https:\/\/blog.evaluation-entreprise.com\/index.php\/2021\/11\/08\/situation-de-la-vente-de-fonds-de-commerce\/#primaryimage"},"thumbnailUrl":"https:\/\/blog.evaluation-entreprise.com\/wp-content\/uploads\/2021\/11\/Capture-fonds-de-commerce-en-2020.png","datePublished":"2021-11-08T21:00:47+00:00","dateModified":"2023-06-09T09:08:25+00:00","description":"Situation de la cession des fonds de commerce en 2020, augmentation du prix et baisse des transactions sur le march\u00e9","breadcrumb":{"@id":"https:\/\/blog.evaluation-entreprise.com\/index.php\/2021\/11\/08\/situation-de-la-vente-de-fonds-de-commerce\/#breadcrumb"},"inLanguage":"fr-FR","potentialAction":[{"@type":"ReadAction","target":["https:\/\/blog.evaluation-entreprise.com\/index.php\/2021\/11\/08\/situation-de-la-vente-de-fonds-de-commerce\/"]}]},{"@type":"ImageObject","inLanguage":"fr-FR","@id":"https:\/\/blog.evaluation-entreprise.com\/index.php\/2021\/11\/08\/situation-de-la-vente-de-fonds-de-commerce\/#primaryimage","url":"https:\/\/blog.evaluation-entreprise.com\/wp-content\/uploads\/2021\/11\/Capture-fonds-de-commerce-en-2020.png","contentUrl":"https:\/\/blog.evaluation-entreprise.com\/wp-content\/uploads\/2021\/11\/Capture-fonds-de-commerce-en-2020.png","width":937,"height":592},{"@type":"BreadcrumbList","@id":"https:\/\/blog.evaluation-entreprise.com\/index.php\/2021\/11\/08\/situation-de-la-vente-de-fonds-de-commerce\/#breadcrumb","itemListElement":[{"@type":"ListItem","position":1,"name":"Accueil","item":"https:\/\/blog.evaluation-entreprise.com\/"},{"@type":"ListItem","position":2,"name":"Situation de la cession des fonds de commerce"}]},{"@type":"WebSite","@id":"https:\/\/blog.evaluation-entreprise.com\/#website","url":"https:\/\/blog.evaluation-entreprise.com\/","name":"AVALOR Valorisation entreprise et fonds de commerce","description":"Logiciel Valorisation &amp; Scoring ","publisher":{"@id":"https:\/\/blog.evaluation-entreprise.com\/#organization"},"potentialAction":[{"@type":"SearchAction","target":{"@type":"EntryPoint","urlTemplate":"https:\/\/blog.evaluation-entreprise.com\/?s={search_term_string}"},"query-input":{"@type":"PropertyValueSpecification","valueRequired":true,"valueName":"search_term_string"}}],"inLanguage":"fr-FR"},{"@type":"Organization","@id":"https:\/\/blog.evaluation-entreprise.com\/#organization","name":"Avalor","url":"https:\/\/blog.evaluation-entreprise.com\/","logo":{"@type":"ImageObject","inLanguage":"fr-FR","@id":"https:\/\/blog.evaluation-entreprise.com\/#\/schema\/logo\/image\/","url":"https:\/\/blog.evaluation-entreprise.com\/wp-content\/uploads\/2020\/04\/cropped-favicon-1.jpg","contentUrl":"https:\/\/blog.evaluation-entreprise.com\/wp-content\/uploads\/2020\/04\/cropped-favicon-1.jpg","width":512,"height":512,"caption":"Avalor"},"image":{"@id":"https:\/\/blog.evaluation-entreprise.com\/#\/schema\/logo\/image\/"},"sameAs":["https:\/\/x.com\/AVALORISATION","https:\/\/www.linkedin.com\/in\/avalor-evaluation-entreprise-14a3a5129\/"]},{"@type":"Person","@id":"https:\/\/blog.evaluation-entreprise.com\/#\/schema\/person\/f0abc25e0d9ff9312529fe95ae1d0d81","name":"avalor@avalor.fr","sameAs":["https:\/\/www.evaluation-commerce.com\/"]}]}},"_links":{"self":[{"href":"https:\/\/blog.evaluation-entreprise.com\/index.php\/wp-json\/wp\/v2\/posts\/1976","targetHints":{"allow":["GET"]}}],"collection":[{"href":"https:\/\/blog.evaluation-entreprise.com\/index.php\/wp-json\/wp\/v2\/posts"}],"about":[{"href":"https:\/\/blog.evaluation-entreprise.com\/index.php\/wp-json\/wp\/v2\/types\/post"}],"author":[{"embeddable":true,"href":"https:\/\/blog.evaluation-entreprise.com\/index.php\/wp-json\/wp\/v2\/users\/1"}],"replies":[{"embeddable":true,"href":"https:\/\/blog.evaluation-entreprise.com\/index.php\/wp-json\/wp\/v2\/comments?post=1976"}],"version-history":[{"count":20,"href":"https:\/\/blog.evaluation-entreprise.com\/index.php\/wp-json\/wp\/v2\/posts\/1976\/revisions"}],"predecessor-version":[{"id":3495,"href":"https:\/\/blog.evaluation-entreprise.com\/index.php\/wp-json\/wp\/v2\/posts\/1976\/revisions\/3495"}],"wp:attachment":[{"href":"https:\/\/blog.evaluation-entreprise.com\/index.php\/wp-json\/wp\/v2\/media?parent=1976"}],"wp:term":[{"taxonomy":"category","embeddable":true,"href":"https:\/\/blog.evaluation-entreprise.com\/index.php\/wp-json\/wp\/v2\/categories?post=1976"},{"taxonomy":"post_tag","embeddable":true,"href":"https:\/\/blog.evaluation-entreprise.com\/index.php\/wp-json\/wp\/v2\/tags?post=1976"}],"curies":[{"name":"wp","href":"https:\/\/api.w.org\/{rel}","templated":true}]}}